{"id":49,"date":"2020-08-13T16:16:23","date_gmt":"2020-08-13T16:16:23","guid":{"rendered":"https:\/\/labcultur.com\/?p=49"},"modified":"2020-08-13T16:51:09","modified_gmt":"2020-08-13T16:51:09","slug":"visorfest-2020-aplazado","status":"publish","type":"post","link":"https:\/\/labcultur.com\/es\/visorfest-2020-aplazado","title":{"rendered":"Visorfest 2020 aplazado"},"content":{"rendered":"\n<p>Hemos trabajado duro cada d\u00eda para poder celebrar el festival, pero lamentablemente ante los \u00faltimos rebrotes, no existen garant\u00edas de poderlo llevar a cabo.<\/p>\n\n\n\n<p>Tenemos que decir adi\u00f3s al 2020 para volver en el 2021 con un NUEVO VISOR, lleno de fuerza y grandes conciertos que presentaremos despu\u00e9s del verano.<\/p>\n\n\n\n<p>Para los muchos que segu\u00eds apoyando la m\u00fasica en directo en esta complicada situaci\u00f3n y confiando en nosotros, los abonos ser\u00e1n v\u00e1lidos para la pr\u00f3xima edici\u00f3n que se celebrar\u00e1 los d\u00edas 17 y 18 de Septiembre 2021 en Benidorm, respetando el precio reducido al que fueron adquiridos.<\/p>\n\n\n\n<p>No obstante, los que teng\u00e1is que solicitar la devoluci\u00f3n, habr\u00e9is recibido un email con las instrucciones.<\/p>\n\n\n\n<p>Mucho \u00e1nimo para todos, el pr\u00f3ximo a\u00f1o seguro vendr\u00e1 cargado de momentos inolvidables que viviremos juntos.<\/p>\n","protected":false},"excerpt":{"rendered":"<p>Hemos trabajado duro cada d\u00eda para poder celebrar el festival, pero lamentablemente ante los \u00faltimos rebrotes, no existen garant\u00edas de poderlo llevar a cabo. Tenemos que decir adi\u00f3s al 2020 para volver en el 2021 con un NUEVO VISOR, lleno de fuerza y grandes conciertos que presentaremos despu\u00e9s del verano. Para los muchos que segu\u00eds &hellip; <\/p>\n<p class=\"link-more\"><a href=\"https:\/\/labcultur.com\/es\/visorfest-2020-aplazado\" class=\"more-link\">Continuar leyendo<span class=\"screen-reader-text\"> \u00abVisorfest 2020 aplazado\u00bb<\/span><\/a><\/p>\n","protected":false},"author":1,"featured_media":46,"comment_status":"open","ping_status":"open","sticky":false,"template":"","format":"standard","meta":[],"categories":[4],"tags":[2],"_links":{"self":[{"href":"https:\/\/labcultur.com\/es\/wp-json\/wp\/v2\/posts\/49"}],"collection":[{"href":"https:\/\/labcultur.com\/es\/wp-json\/wp\/v2\/posts"}],"about":[{"href":"https:\/\/labcultur.com\/es\/wp-json\/wp\/v2\/types\/post"}],"author":[{"embeddable":true,"href":"https:\/\/labcultur.com\/es\/wp-json\/wp\/v2\/users\/1"}],"replies":[{"embeddable":true,"href":"https:\/\/labcultur.com\/es\/wp-json\/wp\/v2\/comments?post=49"}],"version-history":[{"count":3,"href":"https:\/\/labcultur.com\/es\/wp-json\/wp\/v2\/posts\/49\/revisions"}],"predecessor-version":[{"id":62,"href":"https:\/\/labcultur.com\/es\/wp-json\/wp\/v2\/posts\/49\/revisions\/62"}],"wp:featuredmedia":[{"embeddable":true,"href":"https:\/\/labcultur.com\/es\/wp-json\/wp\/v2\/media\/46"}],"wp:attachment":[{"href":"https:\/\/labcultur.com\/es\/wp-json\/wp\/v2\/media?parent=49"}],"wp:term":[{"taxonomy":"category","embeddable":true,"href":"https:\/\/labcultur.com\/es\/wp-json\/wp\/v2\/categories?post=49"},{"taxonomy":"post_tag","embeddable":true,"href":"https:\/\/labcultur.com\/es\/wp-json\/wp\/v2\/tags?post=49"}],"curies":[{"name":"wp","href":"https:\/\/api.w.org\/{rel}","templated":true}]}}