{"id":533,"date":"2022-11-15T01:32:03","date_gmt":"2022-11-15T01:32:03","guid":{"rendered":"https:\/\/labcultur.com\/?p=533"},"modified":"2022-11-15T10:25:51","modified_gmt":"2022-11-15T10:25:51","slug":"rocio-marquez-bronquio","status":"publish","type":"post","link":"https:\/\/labcultur.com\/es\/rocio-marquez-bronquio","title":{"rendered":"Roc\u00edo M\u00e1rquez &#038; Bronquio"},"content":{"rendered":"\n<figure class=\"wp-block-table\"><table><tbody><tr><td><strong class=\"\"><u class=\"\">Roc\u00edo M\u00e1rquez &amp; Bronquio | 17 de noviembre | Valencia<\/u><\/strong>&nbsp;<br class=\"\"><strong class=\"\">El flamenco del siglo XXI llenar\u00e1 La Rambleta de Valencia con la revoluci\u00f3n musical de Roc\u00edo M\u00e1rquez y Bronquio junto a SON Estrella Galicia<\/strong><\/td><\/tr><\/tbody><\/table><\/figure>\n\n\n\n<figure class=\"wp-block-image size-large\"><img loading=\"lazy\" width=\"1024\" height=\"536\" src=\"https:\/\/labcultur.com\/wp-content\/uploads\/2022\/06\/Foto-web-Roci\u0301o-Marquez.jpg\" alt=\"\" class=\"wp-image-270\" srcset=\"https:\/\/labcultur.com\/wp-content\/uploads\/2022\/06\/Foto-web-Roci\u0301o-Marquez.jpg 1024w, https:\/\/labcultur.com\/wp-content\/uploads\/2022\/06\/Foto-web-Roci\u0301o-Marquez-300x157.jpg 300w, https:\/\/labcultur.com\/wp-content\/uploads\/2022\/06\/Foto-web-Roci\u0301o-Marquez-768x402.jpg 768w\" sizes=\"(max-width: 767px) 89vw, (max-width: 1000px) 54vw, (max-width: 1071px) 543px, 580px\" \/><\/figure>\n\n\n\n<figure class=\"wp-block-table\"><table><tbody><tr><td>Este mes\u00a0<strong class=\"\">Valencia<\/strong>\u00a0recibir\u00e1 una de las\u00a0<strong class=\"\">grandes joyas<\/strong>\u00a0del panorama nacional nacida a partir de la\u00a0<strong class=\"\">insospechada<\/strong>\u00a0pero\u00a0<strong class=\"\">fruct\u00edfera<\/strong>\u00a0uni\u00f3n de\u00a0<strong class=\"\">Roc\u00edo M\u00e1rquez<\/strong>\u00a0y\u00a0<strong class=\"\">Bronquio<\/strong>\u00a0que este a\u00f1o han lanzado juntos su delicioso trabajo\u00a0<strong class=\"\">\u2018TERCER CIELO\u2019<\/strong>. El jueves\u00a0<strong class=\"\">17 de noviembre<\/strong>, ambos artistas protagonizar\u00e1n una\u00a0<strong class=\"\">revoluci\u00f3n musical ineludible\u00a0<\/strong>en\u00a0<strong class=\"\">La Rambleta<\/strong>, el nuevo espacio de\u00a0<strong class=\"\">SON Estrella Galicia<\/strong>\u00a0en la ciudad. Las\u00a0<strong class=\"\">entradas<\/strong>\u00a0para este\u00a0<strong class=\"\">concierto<\/strong>\u00a0ya se pueden adquirir a trav\u00e9s de\u00a0<strong class=\"\">Notikumi<\/strong>.<br>\u00a0<\/td><\/tr><\/tbody><\/table><\/figure>\n\n\n\n<figure class=\"wp-block-image size-large\"><img loading=\"lazy\" width=\"1024\" height=\"576\" src=\"https:\/\/labcultur.com\/wp-content\/uploads\/2022\/11\/rocio-marquez-1024x576.jpg\" alt=\"\" class=\"wp-image-534\" srcset=\"https:\/\/labcultur.com\/wp-content\/uploads\/2022\/11\/rocio-marquez-1024x576.jpg 1024w, https:\/\/labcultur.com\/wp-content\/uploads\/2022\/11\/rocio-marquez-300x169.jpg 300w, https:\/\/labcultur.com\/wp-content\/uploads\/2022\/11\/rocio-marquez-768x432.jpg 768w, https:\/\/labcultur.com\/wp-content\/uploads\/2022\/11\/rocio-marquez-1536x864.jpg 1536w, https:\/\/labcultur.com\/wp-content\/uploads\/2022\/11\/rocio-marquez.jpg 1680w\" sizes=\"(max-width: 767px) 89vw, (max-width: 1000px) 54vw, (max-width: 1071px) 543px, 580px\" \/><\/figure>\n\n\n\n<figure class=\"wp-block-embed-youtube wp-block-embed is-type-video is-provider-youtube wp-embed-aspect-4-3 wp-has-aspect-ratio\"><div class=\"wp-block-embed__wrapper\">\n<iframe title=\"Roc\u00edo M\u00e1rquez, BRONQUIO - De M\u00ed (Rumba) ft. 41V1L\" width=\"525\" height=\"394\" src=\"https:\/\/www.youtube.com\/embed\/p7mbTOi6vD8?feature=oembed\" frameborder=\"0\" allow=\"accelerometer; autoplay; clipboard-write; encrypted-media; gyroscope; picture-in-picture\" allowfullscreen><\/iframe>\n<\/div><\/figure>\n","protected":false},"excerpt":{"rendered":"<p>Roc\u00edo M\u00e1rquez &amp; Bronquio | 17 de noviembre | Valencia&nbsp;El flamenco del siglo XXI llenar\u00e1 La Rambleta de Valencia con la revoluci\u00f3n musical de Roc\u00edo M\u00e1rquez y Bronquio junto a SON Estrella Galicia Este mes\u00a0Valencia\u00a0recibir\u00e1 una de las\u00a0grandes joyas\u00a0del panorama nacional nacida a partir de la\u00a0insospechada\u00a0pero\u00a0fruct\u00edfera\u00a0uni\u00f3n de\u00a0Roc\u00edo M\u00e1rquez\u00a0y\u00a0Bronquio\u00a0que este a\u00f1o han lanzado juntos su delicioso &hellip; <\/p>\n<p class=\"link-more\"><a href=\"https:\/\/labcultur.com\/es\/rocio-marquez-bronquio\" class=\"more-link\">Continuar leyendo<span class=\"screen-reader-text\"> \u00abRoc\u00edo M\u00e1rquez &#038; Bronquio\u00bb<\/span><\/a><\/p>\n","protected":false},"author":1,"featured_media":0,"comment_status":"open","ping_status":"open","sticky":false,"template":"","format":"standard","meta":[],"categories":[4],"tags":[2],"_links":{"self":[{"href":"https:\/\/labcultur.com\/es\/wp-json\/wp\/v2\/posts\/533"}],"collection":[{"href":"https:\/\/labcultur.com\/es\/wp-json\/wp\/v2\/posts"}],"about":[{"href":"https:\/\/labcultur.com\/es\/wp-json\/wp\/v2\/types\/post"}],"author":[{"embeddable":true,"href":"https:\/\/labcultur.com\/es\/wp-json\/wp\/v2\/users\/1"}],"replies":[{"embeddable":true,"href":"https:\/\/labcultur.com\/es\/wp-json\/wp\/v2\/comments?post=533"}],"version-history":[{"count":2,"href":"https:\/\/labcultur.com\/es\/wp-json\/wp\/v2\/posts\/533\/revisions"}],"predecessor-version":[{"id":553,"href":"https:\/\/labcultur.com\/es\/wp-json\/wp\/v2\/posts\/533\/revisions\/553"}],"wp:attachment":[{"href":"https:\/\/labcultur.com\/es\/wp-json\/wp\/v2\/media?parent=533"}],"wp:term":[{"taxonomy":"category","embeddable":true,"href":"https:\/\/labcultur.com\/es\/wp-json\/wp\/v2\/categories?post=533"},{"taxonomy":"post_tag","embeddable":true,"href":"https:\/\/labcultur.com\/es\/wp-json\/wp\/v2\/tags?post=533"}],"curies":[{"name":"wp","href":"https:\/\/api.w.org\/{rel}","templated":true}]}}